{"id":14294,"date":"2019-07-02T12:26:40","date_gmt":"2019-07-02T10:26:40","guid":{"rendered":"https:\/\/miskiewiczdesign.pl\/jak-zagospodarowac-miejsce-w-salonie-z-aneksem-w-bloku\/"},"modified":"2023-02-27T14:15:48","modified_gmt":"2023-02-27T13:15:48","slug":"jak-zagospodarowac-miejsce-w-salonie-z-aneksem-w-bloku","status":"publish","type":"post","link":"https:\/\/miskiewiczdesign.pl\/en\/jak-zagospodarowac-miejsce-w-salonie-z-aneksem-w-bloku\/","title":{"rendered":"Jak zagospodarowa\u0107 miejsce w salonie z aneksem w bloku?"},"content":{"rendered":"\n<p>Budownictwo z czas\u00f3w PRL-u charakteryzowa\u0142o si\u0119 bardzo oszcz\u0119dnym gospodarowaniem przestrzeni\u0105. Podczas, gdy wsp\u00f3\u0142czesne M-4 na powierzchni oko\u0142o 60 m2 mieszcz\u0105 trzy pokoje i kuchni\u0119, blokowe standardy s\u0105 znacznie skromniejsze. Jednym z \u00f3wczesnych trend\u00f3w by\u0142 aneks kuchenny. Jak urz\u0105dzi\u0107 ma\u0142\u0105 kuchni\u0119 w bloku, aby by\u0142a estetyczna i komfortowa?<\/p>\n\n\n\n<div class=\"wp-block-columns is-layout-flex wp-container-core-columns-is-layout-d1187d49 wp-block-columns-is-layout-flex\" style=\"padding-top:var(--wp--preset--spacing--50);padding-right:0;padding-bottom:var(--wp--preset--spacing--50);padding-left:0\">\n<div class=\"wp-block-column is-layout-flow wp-block-column-is-layout-flow\" style=\"padding-top:0;padding-right:0;padding-bottom:0;padding-left:0;flex-basis:66.66%\">\n<h2 class=\"wp-block-heading\">Aran\u017cacje kuchni w bloku \u2013 wsp\u00f3\u0142czesne problemy<\/h2>\n\n\n\n<p>Ma\u0142a, w\u0105ska kuchnia w bloku z wielkiej p\u0142yty w przesz\u0142o\u015bci by\u0142a standardem. Dlatego lokatorzy uczyli si\u0119, jak zmie\u015bci\u0107 w niej kilka niezb\u0119dnych szafek, kuchni\u0119 gazow\u0105, lod\u00f3wk\u0119 i zlewozmywak. Od lat 70-tych ubieg\u0142ego wieku, w kt\u00f3rych powstawa\u0142y takie budynki, nie tylko up\u0142yn\u0119\u0142o p\u00f3\u0142 wieku, ale te\u017c intensywnie rozwija\u0142a si\u0119 produkcja sprz\u0119tu AGD. Dlatego obecne aran\u017cacje kuchni w bloku musz\u0105 uwzgl\u0119dnia\u0107 wi\u0119cej element\u00f3w wyposa\u017cenia, rozmieszczanych na tej samej powierzchni.<\/p>\n\n\n\n<p>To podstawowy problem, kt\u00f3rego rozwi\u0105zanie wymaga nie tylko znajomo\u015bci technik budowlanych, ale te\u017c wiedzy o dost\u0119pnych modelach lod\u00f3wek, kuchenek, zmywarek i urz\u0105dze\u0144 z grupy ma\u0142ego AGD. Doskona\u0142ym rozwi\u0105zaniem, kt\u00f3re sprawdza si\u0119 w takich sytuacjach s\u0105 meble na wymiar i urz\u0105dzenia AGD do zabudowy. Stwarzaj\u0105 one mo\u017cliwo\u015b\u0107 dopasowania element\u00f3w do wn\u0119k czy innych element\u00f3w architektury kuchni. Nieco mniej ogranicze\u0144 stwarzaj\u0105 aran\u017cacje salonu z aneksem kuchennym w bloku. Otwarcie kuchni na salon czy jadalni\u0119 sprawia, \u017ce oba pomieszczenia mo\u017cna po\u0142\u0105czy\u0107 bufetem lub szafk\u0105. To dodatkowe miejsce na urz\u0105dzenia AGD, naczynia oraz blat roboczy.<\/p>\n<\/div>\n\n\n\n<div class=\"wp-block-column is-layout-flow wp-block-column-is-layout-flow\" style=\"flex-basis:33.33%\">\n<figure class=\"wp-block-image size-full\"><img fetchpriority=\"high\" decoding=\"async\" width=\"750\" height=\"960\" src=\"https:\/\/miskiewiczdesign.pl\/wp-content\/uploads\/2023\/01\/jak-zagospodarowac-miejsce-w-salonie-z-aneksem-w-bloku-kuchnia.jpg\" alt=\"\" class=\"wp-image-10180\" srcset=\"https:\/\/miskiewiczdesign.pl\/wp-content\/uploads\/2023\/01\/jak-zagospodarowac-miejsce-w-salonie-z-aneksem-w-bloku-kuchnia.jpg 750w, https:\/\/miskiewiczdesign.pl\/wp-content\/uploads\/2023\/01\/jak-zagospodarowac-miejsce-w-salonie-z-aneksem-w-bloku-kuchnia-234x300.jpg 234w, https:\/\/miskiewiczdesign.pl\/wp-content\/uploads\/2023\/01\/jak-zagospodarowac-miejsce-w-salonie-z-aneksem-w-bloku-kuchnia-219x280.jpg 219w\" sizes=\"(max-width: 750px) 100vw, 750px\" \/><\/figure>\n<\/div>\n<\/div>\n\n\n\n<h2 class=\"wp-block-heading\">Jak urz\u0105dzi\u0107 ma\u0142\u0105 kuchni\u0119 w bloku, aby by\u0142a funkcjonalna?<\/h2>\n\n\n\n<p>Funkcjonalno\u015b\u0107 jest najwa\u017cniejsz\u0105 cech\u0105 wn\u0119trza kuchennego, dlatego jej osi\u0105gni\u0119cie stanowi priorytet. W tradycyjnych aran\u017cacjach kuchni\u0119 dzieli si\u0119 na pi\u0119\u0107 stref o r\u00f3\u017cnym przeznaczeniu. W\u0105ska kuchnia w bloku z wielkiej p\u0142yty zazwyczaj nie stwarza takich mo\u017cliwo\u015bci. Dlatego dobry architekt powinien zastosowa\u0107 kompromisy, \u0142\u0105cz\u0105c r\u00f3\u017cne funkcje w jednej przestrzeni. Przyk\u0142adowo, strefa przechowywania mo\u017ce uzupe\u0142nia\u0107 stref\u0119 zmywania, w formie odpowiednio zaaran\u017cowanej szafki pod zlewem. Miejsce na garnki i tak\u017ce znajdzie si\u0119 te\u017c w praktycznych szafkach naro\u017cnych, dzi\u0119ki kt\u00f3rym jest mo\u017cliwe wykorzystanie pustej przestrzeni pod blatem. Projekt ma\u0142ej kuchni w bloku mo\u017ce te\u017c uwzgl\u0119dnia\u0107 naro\u017cny zlewozmywak, wbudowany w tak\u0105 szafk\u0119. Praktycznym rozwi\u0105zaniem dla os\u00f3b, kt\u00f3re nie korzystaj\u0105 z piekarnika jest p\u0142yta grzewcza.<\/p>\n\n\n\n<h2 class=\"wp-block-heading\">Ma\u0142a kuchnia w bloku \u2013 projekt zabudowy w g\u00f3r\u0119<\/h2>\n\n\n\n<p>Jednym ze sprawdzonych sposob\u00f3w aran\u017cacji ma\u0142ej u w\u0105skiej kuchni jest projektowanie jej zabudowy w g\u00f3r\u0119. Standardowe meble kuchenne, kt\u00f3re oferuj\u0105 producenci, sk\u0142adaj\u0105 si\u0119 z zestawu szafek stoj\u0105cych i wisz\u0105cych. Te drugi si\u0119gaj\u0105 do wysoko\u015bci oko\u0142o 2 m pozostawiaj\u0105c pust\u0105, niewykorzystan\u0105 przestrze\u0144 powy\u017cej. Projekt ma\u0142ej kuchni w bloku mo\u017ce uwzgl\u0119dni\u0107 zabudow\u0119 pod sufit. Dzi\u0119ki temu meble zyskaj\u0105 dodatkowe p\u00f3\u0142ki. Aby zmniejszy\u0107 przyt\u0142aczaj\u0105ce wra\u017cenie, jakie stwarza taka zabudowa warto wykorzysta\u0107 jasne kolory oraz przeszklenia i sufitowe o\u015bwietlenie LED. Szafki wykonywane na wymiar mog\u0105 by\u0107 dostosowanie do ka\u017cdej architektury pomieszczenia. Pozwala to na zagospodarowanie wn\u0119k, naro\u017cnik\u00f3w, a tak\u017ce wn\u0119trz o niestandardowych wymiarach.<\/p>\n\n\n\n<div class=\"wp-block-columns is-layout-flex wp-container-core-columns-is-layout-d1187d49 wp-block-columns-is-layout-flex\" style=\"padding-top:var(--wp--preset--spacing--50);padding-right:0;padding-bottom:var(--wp--preset--spacing--50);padding-left:0\">\n<div class=\"wp-block-column is-layout-flow wp-block-column-is-layout-flow\" style=\"padding-top:0;padding-right:0;padding-bottom:0;padding-left:0;flex-basis:66.66%\">\n<h2 class=\"wp-block-heading\">Aran\u017cacje salonu z aneksem kuchennym w bloku<\/h2>\n\n\n\n<p>Na ciekawe rozwi\u0105zania aran\u017cacyjne pozwala salon z aneksem kuchennym. Dzi\u0119ki po\u0142\u0105czeniu obu cz\u0119\u015bci w jedno pomieszczenie zwi\u0119ksza si\u0119 dost\u0119pna przestrze\u0144. W efekcie wn\u0119trze nie jest klaustrofobiczne, a dzi\u0119ki oknom i odpowiednio zaprojektowanemu o\u015bwietleniu mo\u017ce by\u0107 jasne i przyjazne. Aby nie zaburzy\u0107 tego klimatu, warto zastosowa\u0107 tylko niewysokie, lekkie meble, kt\u00f3re symbolicznie oddziel\u0105 obie strefy.<\/p>\n\n\n\n<p>Kuchnia otwarta na salon w bloku powinna tworzy\u0107 z nim jednolit\u0105 ca\u0142o\u015b\u0107, dlatego projekt warto opiera\u0107 na podobnej gamie kolorystycznej i motywach. Estetyka i wyko\u0144czenia s\u0105 tu szczeg\u00f3lnie wa\u017cne, gdy\u017c ca\u0142y kuchenny ba\u0142agan jest doskonale widoczny dla os\u00f3b w salonie. Na podobnych zasadach powinna te\u017c by\u0107 urz\u0105dzana kuchnia z jadalni\u0105 w bloku. Tu jednak mo\u017cna sobie pozwoli\u0107 na wi\u0119cej swobody, gdy\u017c oba pomieszczenia pe\u0142ni\u0105 podobne funkcje. W przeciwie\u0144stwie do jadalni, salon jest stref\u0105 wypoczynku i widok brudnych garnk\u00f3w czy odg\u0142osy zmywania mog\u0105 zak\u0142\u00f3ca\u0107 komfort domownik\u00f3w lub go\u015bci.<\/p>\n<\/div>\n\n\n\n<div class=\"wp-block-column is-layout-flow wp-block-column-is-layout-flow\" style=\"flex-basis:33.33%\">\n<figure class=\"wp-block-image size-full\"><img fetchpriority=\"high\" decoding=\"async\" width=\"750\" height=\"960\" src=\"https:\/\/miskiewiczdesign.pl\/wp-content\/uploads\/2023\/01\/jak-zagospodarowac-miejsce-w-salonie-z-aneksem-w-bloku-kuchnia.jpg\" alt=\"\" class=\"wp-image-10180\" srcset=\"https:\/\/miskiewiczdesign.pl\/wp-content\/uploads\/2023\/01\/jak-zagospodarowac-miejsce-w-salonie-z-aneksem-w-bloku-kuchnia.jpg 750w, https:\/\/miskiewiczdesign.pl\/wp-content\/uploads\/2023\/01\/jak-zagospodarowac-miejsce-w-salonie-z-aneksem-w-bloku-kuchnia-234x300.jpg 234w, https:\/\/miskiewiczdesign.pl\/wp-content\/uploads\/2023\/01\/jak-zagospodarowac-miejsce-w-salonie-z-aneksem-w-bloku-kuchnia-219x280.jpg 219w\" sizes=\"(max-width: 750px) 100vw, 750px\" \/><\/figure>\n<\/div>\n<\/div>\n\n\n\n<h2 class=\"wp-block-heading\">Metamorfoza kuchni w bloku \u2013 rozs\u0105dne kompromisy<\/h2>\n\n\n\n<p>Je\u015bli zastanawiasz si\u0119, jak urz\u0105dzi\u0107 ma\u0142\u0105 kuchni\u0119 w bloku, z pewno\u015bci\u0105 zak\u0142adasz, \u017ce z wielu rzeczy b\u0119dzie trzeba zrezygnowa\u0107. Nie jest to prawda. Nowoczesne rozwi\u0105zania dost\u0119pne na rynku pozwalaj\u0105 na stworzenie estetycznego pomieszczenia o wysokiej funkcjonalno\u015bci. Na estetyk\u0119 i nowoczesno\u015b\u0107 mog\u0105 wp\u0142ywa\u0107 r\u00f3\u017cne ciekawe rozwi\u0105zania takie jak szk\u0142o w kuchni nad blatem, nowoczesne szafki naro\u017cne i wysuwane, sprz\u0119t AGD do zabudowy czy wspomniane p\u0142yty grzejne. Warto te\u017c zwr\u00f3ci\u0107 uwag\u0119 na elementy takie jak wentylacja w kuchni w bloku czy na jakiej wysoko\u015bci blat w kuchni b\u0119dzie najbardziej funkcjonalny.<\/p>\n\n\n\n<p>Rozs\u0105dne kompromisy s\u0105 tu konieczne. Jednocze\u015bnie pozwalaj\u0105 na tworzenie ciekawych rozwi\u0105za\u0144, dzi\u0119ki kt\u00f3rym kuchnia b\u0119dzie wyj\u0105tkowa. Metamorfoza kuchni w bloku nie jest \u0142atwa. Wymaga wiedzy i znajomo\u015bci technik budowlanych oraz rynku dost\u0119pnych produkt\u00f3w \u2013 mebli, sprz\u0119tu czy dekoracji. Z tego powodu projekt ma\u0142ej kuchni w bloku warto powierzy\u0107 profesjonalnym architektom ze studia Mi\u015bkiewicz Design. Zaplanujemy aran\u017cacj\u0119 salonu z aneksem kuchennym w bloku, wykonanym projekt ma\u0142ej kuchni o nietypowych rozmiarach, a tak\u017ce kuchni z jadalni\u0105, uwzgl\u0119dniaj\u0105c w nich wszystkie Twoje potrzeby i oczekiwania.<\/p>\n","protected":false},"excerpt":{"rendered":"<p>Budownictwo z czas\u00f3w PRL-u charakteryzowa\u0142o si\u0119 bardzo oszcz\u0119dnym gospodarowaniem przestrzeni\u0105. Podczas, gdy wsp\u00f3\u0142czesne M-4 na powierzchni oko\u0142o 60 m2 mieszcz\u0105 trzy pokoje i kuchni\u0119, blokowe standardy s\u0105 znacznie skromniejsze. Jednym z \u00f3wczesnych trend\u00f3w by\u0142 aneks kuchenny. Jak urz\u0105dzi\u0107 ma\u0142\u0105 kuchni\u0119 w bloku, aby by\u0142a estetyczna i komfortowa? Aran\u017cacje kuchni w bloku \u2013 wsp\u00f3\u0142czesne problemy Ma\u0142a, [&hellip;]<\/p>\n","protected":false},"author":2,"featured_media":12648,"comment_status":"closed","ping_status":"closed","sticky":false,"template":"","format":"standard","meta":{"_uag_custom_page_level_css":"","site-sidebar-layout":"default","site-content-layout":"","ast-site-content-layout":"","site-content-style":"default","site-sidebar-style":"default","ast-global-header-display":"","ast-banner-title-visibility":"","ast-main-header-display":"","ast-hfb-above-header-display":"","ast-hfb-below-header-display":"","ast-hfb-mobile-header-display":"","site-post-title":"","ast-breadcrumbs-content":"","ast-featured-img":"","footer-sml-layout":"","theme-transparent-header-meta":"","adv-header-id-meta":"","stick-header-meta":"","header-above-stick-meta":"","header-main-stick-meta":"","header-below-stick-meta":"","astra-migrate-meta-layouts":"default","ast-page-background-enabled":"default","ast-page-background-meta":{"desktop":{"background-color":"var(--ast-global-color-4)","background-image":"","background-repeat":"repeat","background-position":"center center","background-size":"auto","background-attachment":"scroll","background-type":"","background-media":"","overlay-type":"","overlay-color":"","overlay-gradient":""},"tablet":{"background-color":"","background-image":"","background-repeat":"repeat","background-position":"center center","background-size":"auto","background-attachment":"scroll","background-type":"","background-media":"","overlay-type":"","overlay-color":"","overlay-gradient":""},"mobile":{"background-color":"","background-image":"","background-repeat":"repeat","background-position":"center center","background-size":"auto","background-attachment":"scroll","background-type":"","background-media":"","overlay-type":"","overlay-color":"","overlay-gradient":""}},"ast-content-background-meta":{"desktop":{"background-color":"var(--ast-global-color-5)","background-image":"","background-repeat":"repeat","background-position":"center center","background-size":"auto","background-attachment":"scroll","background-type":"","background-media":"","overlay-type":"","overlay-color":"","overlay-gradient":""},"tablet":{"background-color":"var(--ast-global-color-5)","background-image":"","background-repeat":"repeat","background-position":"center center","background-size":"auto","background-attachment":"scroll","background-type":"","background-media":"","overlay-type":"","overlay-color":"","overlay-gradient":""},"mobile":{"background-color":"var(--ast-global-color-5)","background-image":"","background-repeat":"repeat","background-position":"center center","background-size":"auto","background-attachment":"scroll","background-type":"","background-media":"","overlay-type":"","overlay-color":"","overlay-gradient":""}},"footnotes":""},"categories":[1],"tags":[],"class_list":["post-14294","post","type-post","status-publish","format-standard","has-post-thumbnail","hentry","category-bez-kategorii"],"yoast_head":"<!-- This site is optimized with the Yoast SEO plugin v22.1 - https:\/\/yoast.com\/wordpress\/plugins\/seo\/ -->\n<title>Jak zagospodarowa\u0107 miejsce w salonie z aneksem w bloku? - miskiewiczdesign.pl<\/title>\n<meta name=\"description\" content=\"Salon jest centrum \u017cycia ka\u017cdego domu. Pe\u0142ni w nim r\u00f3wnie\u017c rol\u0119 reprezentacyjn\u0105. Zaprojektowanie salonu nie jest prost\u0105 spraw\u0105! Sprawd\u017a co warto wiedzie\u0107\" \/>\n<meta name=\"robots\" content=\"index, follow, max-snippet:-1, max-image-preview:large, max-video-preview:-1\" \/>\n<link rel=\"canonical\" href=\"https:\/\/miskiewiczdesign.pl\/en\/jak-zagospodarowac-miejsce-w-salonie-z-aneksem-w-bloku\/\" \/>\n<meta property=\"og:locale\" content=\"en_US\" \/>\n<meta property=\"og:type\" content=\"article\" \/>\n<meta property=\"og:title\" content=\"Jak zagospodarowa\u0107 miejsce w salonie z aneksem w bloku? - miskiewiczdesign.pl\" \/>\n<meta property=\"og:description\" content=\"Salon jest centrum \u017cycia ka\u017cdego domu. Pe\u0142ni w nim r\u00f3wnie\u017c rol\u0119 reprezentacyjn\u0105. Zaprojektowanie salonu nie jest prost\u0105 spraw\u0105! Sprawd\u017a co warto wiedzie\u0107\" \/>\n<meta property=\"og:url\" content=\"https:\/\/miskiewiczdesign.pl\/en\/jak-zagospodarowac-miejsce-w-salonie-z-aneksem-w-bloku\/\" \/>\n<meta property=\"og:site_name\" content=\"miskiewiczdesign.pl\" \/>\n<meta property=\"article:published_time\" content=\"2019-07-02T10:26:40+00:00\" \/>\n<meta property=\"article:modified_time\" content=\"2023-02-27T13:15:48+00:00\" \/>\n<meta property=\"og:image\" content=\"https:\/\/miskiewiczdesign.pl\/wp-content\/uploads\/2019\/07\/jak-zagospodarowac-miejsce-w-salonie-z-aneksem-w-bloku.jpg\" \/>\n\t<meta property=\"og:image:width\" content=\"920\" \/>\n\t<meta property=\"og:image:height\" content=\"658\" \/>\n\t<meta property=\"og:image:type\" content=\"image\/jpeg\" \/>\n<meta name=\"author\" content=\"Magdalena\" \/>\n<meta name=\"twitter:card\" content=\"summary_large_image\" \/>\n<meta name=\"twitter:label1\" content=\"Written by\" \/>\n\t<meta name=\"twitter:data1\" content=\"Magdalena\" \/>\n\t<meta name=\"twitter:label2\" content=\"Est. reading time\" \/>\n\t<meta name=\"twitter:data2\" content=\"5 minutes\" \/>\n<script type=\"application\/ld+json\" class=\"yoast-schema-graph\">{\"@context\":\"https:\/\/schema.org\",\"@graph\":[{\"@type\":\"Article\",\"@id\":\"https:\/\/miskiewiczdesign.pl\/en\/jak-zagospodarowac-miejsce-w-salonie-z-aneksem-w-bloku\/#article\",\"isPartOf\":{\"@id\":\"https:\/\/miskiewiczdesign.pl\/en\/jak-zagospodarowac-miejsce-w-salonie-z-aneksem-w-bloku\/\"},\"author\":{\"name\":\"Magdalena\",\"@id\":\"https:\/\/miskiewiczdesign.pl\/en\/#\/schema\/person\/d66f59d92d6931fad101bdfffa50f11d\"},\"headline\":\"Jak zagospodarowa\u0107 miejsce w salonie z aneksem w bloku?\",\"datePublished\":\"2019-07-02T10:26:40+00:00\",\"dateModified\":\"2023-02-27T13:15:48+00:00\",\"mainEntityOfPage\":{\"@id\":\"https:\/\/miskiewiczdesign.pl\/en\/jak-zagospodarowac-miejsce-w-salonie-z-aneksem-w-bloku\/\"},\"wordCount\":944,\"publisher\":{\"@id\":\"https:\/\/miskiewiczdesign.pl\/en\/#organization\"},\"articleSection\":[\"Bez kategorii\"],\"inLanguage\":\"en-US\"},{\"@type\":\"WebPage\",\"@id\":\"https:\/\/miskiewiczdesign.pl\/en\/jak-zagospodarowac-miejsce-w-salonie-z-aneksem-w-bloku\/\",\"url\":\"https:\/\/miskiewiczdesign.pl\/en\/jak-zagospodarowac-miejsce-w-salonie-z-aneksem-w-bloku\/\",\"name\":\"Jak zagospodarowa\u0107 miejsce w salonie z aneksem w bloku? - miskiewiczdesign.pl\",\"isPartOf\":{\"@id\":\"https:\/\/miskiewiczdesign.pl\/en\/#website\"},\"datePublished\":\"2019-07-02T10:26:40+00:00\",\"dateModified\":\"2023-02-27T13:15:48+00:00\",\"description\":\"Salon jest centrum \u017cycia ka\u017cdego domu. Pe\u0142ni w nim r\u00f3wnie\u017c rol\u0119 reprezentacyjn\u0105. Zaprojektowanie salonu nie jest prost\u0105 spraw\u0105! Sprawd\u017a co warto wiedzie\u0107\",\"breadcrumb\":{\"@id\":\"https:\/\/miskiewiczdesign.pl\/en\/jak-zagospodarowac-miejsce-w-salonie-z-aneksem-w-bloku\/#breadcrumb\"},\"inLanguage\":\"en-US\",\"potentialAction\":[{\"@type\":\"ReadAction\",\"target\":[\"https:\/\/miskiewiczdesign.pl\/en\/jak-zagospodarowac-miejsce-w-salonie-z-aneksem-w-bloku\/\"]}]},{\"@type\":\"BreadcrumbList\",\"@id\":\"https:\/\/miskiewiczdesign.pl\/en\/jak-zagospodarowac-miejsce-w-salonie-z-aneksem-w-bloku\/#breadcrumb\",\"itemListElement\":[{\"@type\":\"ListItem\",\"position\":1,\"name\":\"Strona g\u0142\u00f3wna\",\"item\":\"https:\/\/miskiewiczdesign.pl\/en\/\"},{\"@type\":\"ListItem\",\"position\":2,\"name\":\"Jak zagospodarowa\u0107 miejsce w salonie z aneksem w bloku?\"}]},{\"@type\":\"WebSite\",\"@id\":\"https:\/\/miskiewiczdesign.pl\/en\/#website\",\"url\":\"https:\/\/miskiewiczdesign.pl\/en\/\",\"name\":\"miskiewiczdesign.pl\",\"description\":\"\",\"publisher\":{\"@id\":\"https:\/\/miskiewiczdesign.pl\/en\/#organization\"},\"potentialAction\":[{\"@type\":\"SearchAction\",\"target\":{\"@type\":\"EntryPoint\",\"urlTemplate\":\"https:\/\/miskiewiczdesign.pl\/en\/?s={search_term_string}\"},\"query-input\":\"required name=search_term_string\"}],\"inLanguage\":\"en-US\"},{\"@type\":\"Organization\",\"@id\":\"https:\/\/miskiewiczdesign.pl\/en\/#organization\",\"name\":\"miskiewiczdesign.pl\",\"url\":\"https:\/\/miskiewiczdesign.pl\/en\/\",\"logo\":{\"@type\":\"ImageObject\",\"inLanguage\":\"en-US\",\"@id\":\"https:\/\/miskiewiczdesign.pl\/en\/#\/schema\/logo\/image\/\",\"url\":\"https:\/\/miskiewiczdesign.pl\/wp-content\/uploads\/2022\/12\/logo_nowe_bold.png\",\"contentUrl\":\"https:\/\/miskiewiczdesign.pl\/wp-content\/uploads\/2022\/12\/logo_nowe_bold.png\",\"width\":360,\"height\":149,\"caption\":\"miskiewiczdesign.pl\"},\"image\":{\"@id\":\"https:\/\/miskiewiczdesign.pl\/en\/#\/schema\/logo\/image\/\"}},{\"@type\":\"Person\",\"@id\":\"https:\/\/miskiewiczdesign.pl\/en\/#\/schema\/person\/d66f59d92d6931fad101bdfffa50f11d\",\"name\":\"Magdalena\",\"image\":{\"@type\":\"ImageObject\",\"inLanguage\":\"en-US\",\"@id\":\"https:\/\/miskiewiczdesign.pl\/en\/#\/schema\/person\/image\/\",\"url\":\"https:\/\/secure.gravatar.com\/avatar\/efd20de8a19ff24a588aa9b6be30c714199b1d1d30fdc4b7904524fa91cb5625?s=96&d=mm&r=g\",\"contentUrl\":\"https:\/\/secure.gravatar.com\/avatar\/efd20de8a19ff24a588aa9b6be30c714199b1d1d30fdc4b7904524fa91cb5625?s=96&d=mm&r=g\",\"caption\":\"Magdalena\"}}]}<\/script>\n<!-- \/ Yoast SEO plugin. -->","yoast_head_json":{"title":"Jak zagospodarowa\u0107 miejsce w salonie z aneksem w bloku? - miskiewiczdesign.pl","description":"Salon jest centrum \u017cycia ka\u017cdego domu. Pe\u0142ni w nim r\u00f3wnie\u017c rol\u0119 reprezentacyjn\u0105. Zaprojektowanie salonu nie jest prost\u0105 spraw\u0105! Sprawd\u017a co warto wiedzie\u0107","robots":{"index":"index","follow":"follow","max-snippet":"max-snippet:-1","max-image-preview":"max-image-preview:large","max-video-preview":"max-video-preview:-1"},"canonical":"https:\/\/miskiewiczdesign.pl\/en\/jak-zagospodarowac-miejsce-w-salonie-z-aneksem-w-bloku\/","og_locale":"en_US","og_type":"article","og_title":"Jak zagospodarowa\u0107 miejsce w salonie z aneksem w bloku? - miskiewiczdesign.pl","og_description":"Salon jest centrum \u017cycia ka\u017cdego domu. Pe\u0142ni w nim r\u00f3wnie\u017c rol\u0119 reprezentacyjn\u0105. Zaprojektowanie salonu nie jest prost\u0105 spraw\u0105! Sprawd\u017a co warto wiedzie\u0107","og_url":"https:\/\/miskiewiczdesign.pl\/en\/jak-zagospodarowac-miejsce-w-salonie-z-aneksem-w-bloku\/","og_site_name":"miskiewiczdesign.pl","article_published_time":"2019-07-02T10:26:40+00:00","article_modified_time":"2023-02-27T13:15:48+00:00","og_image":[{"width":920,"height":658,"url":"https:\/\/miskiewiczdesign.pl\/wp-content\/uploads\/2019\/07\/jak-zagospodarowac-miejsce-w-salonie-z-aneksem-w-bloku.jpg","type":"image\/jpeg"}],"author":"Magdalena","twitter_card":"summary_large_image","twitter_misc":{"Written by":"Magdalena","Est. reading time":"5 minutes"},"schema":{"@context":"https:\/\/schema.org","@graph":[{"@type":"Article","@id":"https:\/\/miskiewiczdesign.pl\/en\/jak-zagospodarowac-miejsce-w-salonie-z-aneksem-w-bloku\/#article","isPartOf":{"@id":"https:\/\/miskiewiczdesign.pl\/en\/jak-zagospodarowac-miejsce-w-salonie-z-aneksem-w-bloku\/"},"author":{"name":"Magdalena","@id":"https:\/\/miskiewiczdesign.pl\/en\/#\/schema\/person\/d66f59d92d6931fad101bdfffa50f11d"},"headline":"Jak zagospodarowa\u0107 miejsce w salonie z aneksem w bloku?","datePublished":"2019-07-02T10:26:40+00:00","dateModified":"2023-02-27T13:15:48+00:00","mainEntityOfPage":{"@id":"https:\/\/miskiewiczdesign.pl\/en\/jak-zagospodarowac-miejsce-w-salonie-z-aneksem-w-bloku\/"},"wordCount":944,"publisher":{"@id":"https:\/\/miskiewiczdesign.pl\/en\/#organization"},"articleSection":["Bez kategorii"],"inLanguage":"en-US"},{"@type":"WebPage","@id":"https:\/\/miskiewiczdesign.pl\/en\/jak-zagospodarowac-miejsce-w-salonie-z-aneksem-w-bloku\/","url":"https:\/\/miskiewiczdesign.pl\/en\/jak-zagospodarowac-miejsce-w-salonie-z-aneksem-w-bloku\/","name":"Jak zagospodarowa\u0107 miejsce w salonie z aneksem w bloku? - miskiewiczdesign.pl","isPartOf":{"@id":"https:\/\/miskiewiczdesign.pl\/en\/#website"},"datePublished":"2019-07-02T10:26:40+00:00","dateModified":"2023-02-27T13:15:48+00:00","description":"Salon jest centrum \u017cycia ka\u017cdego domu. Pe\u0142ni w nim r\u00f3wnie\u017c rol\u0119 reprezentacyjn\u0105. Zaprojektowanie salonu nie jest prost\u0105 spraw\u0105! Sprawd\u017a co warto wiedzie\u0107","breadcrumb":{"@id":"https:\/\/miskiewiczdesign.pl\/en\/jak-zagospodarowac-miejsce-w-salonie-z-aneksem-w-bloku\/#breadcrumb"},"inLanguage":"en-US","potentialAction":[{"@type":"ReadAction","target":["https:\/\/miskiewiczdesign.pl\/en\/jak-zagospodarowac-miejsce-w-salonie-z-aneksem-w-bloku\/"]}]},{"@type":"BreadcrumbList","@id":"https:\/\/miskiewiczdesign.pl\/en\/jak-zagospodarowac-miejsce-w-salonie-z-aneksem-w-bloku\/#breadcrumb","itemListElement":[{"@type":"ListItem","position":1,"name":"Strona g\u0142\u00f3wna","item":"https:\/\/miskiewiczdesign.pl\/en\/"},{"@type":"ListItem","position":2,"name":"Jak zagospodarowa\u0107 miejsce w salonie z aneksem w bloku?"}]},{"@type":"WebSite","@id":"https:\/\/miskiewiczdesign.pl\/en\/#website","url":"https:\/\/miskiewiczdesign.pl\/en\/","name":"miskiewiczdesign.pl","description":"","publisher":{"@id":"https:\/\/miskiewiczdesign.pl\/en\/#organization"},"potentialAction":[{"@type":"SearchAction","target":{"@type":"EntryPoint","urlTemplate":"https:\/\/miskiewiczdesign.pl\/en\/?s={search_term_string}"},"query-input":"required name=search_term_string"}],"inLanguage":"en-US"},{"@type":"Organization","@id":"https:\/\/miskiewiczdesign.pl\/en\/#organization","name":"miskiewiczdesign.pl","url":"https:\/\/miskiewiczdesign.pl\/en\/","logo":{"@type":"ImageObject","inLanguage":"en-US","@id":"https:\/\/miskiewiczdesign.pl\/en\/#\/schema\/logo\/image\/","url":"https:\/\/miskiewiczdesign.pl\/wp-content\/uploads\/2022\/12\/logo_nowe_bold.png","contentUrl":"https:\/\/miskiewiczdesign.pl\/wp-content\/uploads\/2022\/12\/logo_nowe_bold.png","width":360,"height":149,"caption":"miskiewiczdesign.pl"},"image":{"@id":"https:\/\/miskiewiczdesign.pl\/en\/#\/schema\/logo\/image\/"}},{"@type":"Person","@id":"https:\/\/miskiewiczdesign.pl\/en\/#\/schema\/person\/d66f59d92d6931fad101bdfffa50f11d","name":"Magdalena","image":{"@type":"ImageObject","inLanguage":"en-US","@id":"https:\/\/miskiewiczdesign.pl\/en\/#\/schema\/person\/image\/","url":"https:\/\/secure.gravatar.com\/avatar\/efd20de8a19ff24a588aa9b6be30c714199b1d1d30fdc4b7904524fa91cb5625?s=96&d=mm&r=g","contentUrl":"https:\/\/secure.gravatar.com\/avatar\/efd20de8a19ff24a588aa9b6be30c714199b1d1d30fdc4b7904524fa91cb5625?s=96&d=mm&r=g","caption":"Magdalena"}}]}},"uagb_featured_image_src":{"full":["https:\/\/miskiewiczdesign.pl\/wp-content\/uploads\/2019\/07\/jak-zagospodarowac-miejsce-w-salonie-z-aneksem-w-bloku.jpg",920,658,false],"thumbnail":["https:\/\/miskiewiczdesign.pl\/wp-content\/uploads\/2019\/07\/jak-zagospodarowac-miejsce-w-salonie-z-aneksem-w-bloku-150x150.jpg",150,150,true],"medium":["https:\/\/miskiewiczdesign.pl\/wp-content\/uploads\/2019\/07\/jak-zagospodarowac-miejsce-w-salonie-z-aneksem-w-bloku-300x215.jpg",300,215,true],"medium_large":["https:\/\/miskiewiczdesign.pl\/wp-content\/uploads\/2019\/07\/jak-zagospodarowac-miejsce-w-salonie-z-aneksem-w-bloku-768x549.jpg",768,549,true],"large":["https:\/\/miskiewiczdesign.pl\/wp-content\/uploads\/2019\/07\/jak-zagospodarowac-miejsce-w-salonie-z-aneksem-w-bloku.jpg",920,658,false],"1536x1536":["https:\/\/miskiewiczdesign.pl\/wp-content\/uploads\/2019\/07\/jak-zagospodarowac-miejsce-w-salonie-z-aneksem-w-bloku.jpg",920,658,false],"2048x2048":["https:\/\/miskiewiczdesign.pl\/wp-content\/uploads\/2019\/07\/jak-zagospodarowac-miejsce-w-salonie-z-aneksem-w-bloku.jpg",920,658,false],"gallery-thumb":["https:\/\/miskiewiczdesign.pl\/wp-content\/uploads\/2019\/07\/jak-zagospodarowac-miejsce-w-salonie-z-aneksem-w-bloku-380x272.jpg",380,272,true]},"uagb_author_info":{"display_name":"Magdalena","author_link":"https:\/\/miskiewiczdesign.pl\/en\/author\/magdalena\/"},"uagb_comment_info":0,"uagb_excerpt":"Budownictwo z czas\u00f3w PRL-u charakteryzowa\u0142o si\u0119 bardzo oszcz\u0119dnym gospodarowaniem przestrzeni\u0105. Podczas, gdy wsp\u00f3\u0142czesne M-4 na powierzchni oko\u0142o 60 m2 mieszcz\u0105 trzy pokoje i kuchni\u0119, blokowe standardy s\u0105 znacznie skromniejsze. Jednym z \u00f3wczesnych trend\u00f3w by\u0142 aneks kuchenny. Jak urz\u0105dzi\u0107 ma\u0142\u0105 kuchni\u0119 w bloku, aby by\u0142a estetyczna i komfortowa? Aran\u017cacje kuchni w bloku \u2013 wsp\u00f3\u0142czesne problemy Ma\u0142a,&hellip;","_links":{"self":[{"href":"https:\/\/miskiewiczdesign.pl\/en\/wp-json\/wp\/v2\/posts\/14294","targetHints":{"allow":["GET"]}}],"collection":[{"href":"https:\/\/miskiewiczdesign.pl\/en\/wp-json\/wp\/v2\/posts"}],"about":[{"href":"https:\/\/miskiewiczdesign.pl\/en\/wp-json\/wp\/v2\/types\/post"}],"author":[{"embeddable":true,"href":"https:\/\/miskiewiczdesign.pl\/en\/wp-json\/wp\/v2\/users\/2"}],"replies":[{"embeddable":true,"href":"https:\/\/miskiewiczdesign.pl\/en\/wp-json\/wp\/v2\/comments?post=14294"}],"version-history":[{"count":1,"href":"https:\/\/miskiewiczdesign.pl\/en\/wp-json\/wp\/v2\/posts\/14294\/revisions"}],"predecessor-version":[{"id":14950,"href":"https:\/\/miskiewiczdesign.pl\/en\/wp-json\/wp\/v2\/posts\/14294\/revisions\/14950"}],"wp:featuredmedia":[{"embeddable":true,"href":"https:\/\/miskiewiczdesign.pl\/en\/wp-json\/wp\/v2\/media\/12648"}],"wp:attachment":[{"href":"https:\/\/miskiewiczdesign.pl\/en\/wp-json\/wp\/v2\/media?parent=14294"}],"wp:term":[{"taxonomy":"category","embeddable":true,"href":"https:\/\/miskiewiczdesign.pl\/en\/wp-json\/wp\/v2\/categories?post=14294"},{"taxonomy":"post_tag","embeddable":true,"href":"https:\/\/miskiewiczdesign.pl\/en\/wp-json\/wp\/v2\/tags?post=14294"}],"curies":[{"name":"wp","href":"https:\/\/api.w.org\/{rel}","templated":true}]}}